{"id":1186,"date":"2020-06-06T22:34:44","date_gmt":"2020-06-06T22:34:44","guid":{"rendered":"http:\/\/teskesyem.org.tr\/?p=1186"},"modified":"2020-07-17T10:34:10","modified_gmt":"2020-07-17T10:34:10","slug":"palandoken-esnafin-sorunlari-bir-ortaya-konuldu","status":"publish","type":"post","link":"http:\/\/teskesyem.org.tr\/?p=1186","title":{"rendered":"PALAND\u00d6KEN, \u201cESNAFIN SORUNLARI B\u0130R B\u0130R ORTAYA KONULDU\u201d"},"content":{"rendered":"\n<h4 class=\"wp-block-heading\"><strong>ANKARA-&nbsp;<\/strong>\u00dclke genelinde 2 milyonu a\u015fk\u0131n esnaf ve sanatk\u00e2r\u0131n \u00e7at\u0131 kurulu\u015fu olan T\u00fcrkiye Esnaf ve Sanatk\u00e2rlar\u0131 Konfederasyonu (TESK) taraf\u0131ndan her ay d\u00fczenlenen ve pandemi nedeniyle tele-konferans \u00fczerinden yap\u0131lan Y\u00f6netim, Denetim ve Kurul Toplant\u0131lar\u0131 iki ay aradan sonra y\u00fcz y\u00fcze ger\u00e7ekle\u015ftirildi. TESK Genel Merkezi Toplant\u0131 salonunda Genel Ba\u015fkan Bendevi Paland\u00f6ken ba\u015fkanl\u0131\u011f\u0131nda ger\u00e7ekle\u015ftirilen toplant\u0131da, esnaf temsilcileri sahadaki esnaf\u0131n pandemi s\u00fcrecinde ya\u015fad\u0131\u011f\u0131 s\u0131k\u0131nt\u0131lar\u0131 dile getirdi. Korona vir\u00fcsten olumsuz etkilenen esnaf ve sanatk\u00e2rlar\u0131n sorunlar\u0131 ve talepleri masaya yat\u0131r\u0131larak kar\u015f\u0131l\u0131kl\u0131 \u00e7\u00f6z\u00fcm yollar\u0131 arand\u0131.<\/h4>\n\n\n\n<figure class=\"wp-block-image\"><img loading=\"lazy\" decoding=\"async\" width=\"750\" height=\"500\" src=\"http:\/\/teskesyem.org.tr\/wp-content\/uploads\/2020\/06\/image.jpeg\" alt=\"\" class=\"wp-image-1190\" srcset=\"http:\/\/teskesyem.org.tr\/wp-content\/uploads\/2020\/06\/image.jpeg 750w, http:\/\/teskesyem.org.tr\/wp-content\/uploads\/2020\/06\/image-300x200.jpeg 300w, http:\/\/teskesyem.org.tr\/wp-content\/uploads\/2020\/06\/image-610x407.jpeg 610w\" sizes=\"(max-width: 750px) 100vw, 750px\" \/><\/figure>\n\n\n\n<h4 class=\"wp-block-heading\"><strong>-\u201cA\u00c7ILAN \u0130\u015e YERLER\u0130NDE H\u0130JYEN KURALLARINA HARF\u0130YEN UYULUYOR\u201d<\/strong><\/h4>\n\n\n\n<h4 class=\"wp-block-heading\">Toplant\u0131da sonras\u0131nda genel bir de\u011ferlendirme yapan TESK Genel Ba\u015fkan\u0131 Bendevi Paland\u00f6ken, tespit edilen sorunlar\u0131n ve \u00e7\u00f6z\u00fcm \u00f6nerilerinin yetkili mercilere en k\u0131sa s\u00fcrede iletilece\u011fini belirterek \u015funlar\u0131 s\u00f6yledi;&nbsp;<strong>\u201c\u0130ki ayl\u0131k bir aradan sonra farkl\u0131 meslek kollar\u0131ndaki esnaf temsilcilerimizle bir araya gelerek, t\u00fcm d\u00fcnyay\u0131 ve \u00fclkemizi derinden etkileyen korona vir\u00fcsle m\u00fccadele s\u00fcrecinde esnaf ve sanatkarlar\u0131m\u0131z\u0131n ya\u015fad\u0131\u011f\u0131 sorunlar\u0131 tespit etmek ve bu sorunlar\u0131 h\u00fckumet yetkililerine ileterek \u00e7\u00f6z\u00fcm bulmak amac\u0131yla ilk y\u00fcz y\u00fcze toplant\u0131m\u0131z\u0131 ger\u00e7ekle\u015ftirdik. Hepimizin bildi\u011fi gibi salg\u0131ndan en \u00e7ok etkilenen kesim esnaf ve sanatkarlar\u0131m\u0131z oldu. \u00dclke genelinde 415 meslek dal\u0131 olan esnaf\u0131m\u0131z\u0131n tamam\u0131 olumsuz etkilendi. M\u00fccbir sebeple \u00e7ok say\u0131da i\u015f yeri faaliyetlerine ara verirken devam eden kira ve fatura \u00f6demeleri ma\u011fduriyete neden oldu. S\u00fcrecin ba\u015f\u0131ndan bu yana zarar eden t\u00fcm esnaf ve sanatkarlar\u0131m\u0131z i\u00e7in yetkili makamlarla temaslar\u0131m\u0131z s\u00fcrd\u00fc.&nbsp; Esnaf\u0131m\u0131z\u0131n taleplerini an be an yetkililere ileterek sonuca ula\u015fmaya \u00e7al\u0131\u015ft\u0131k. \u00c7al\u0131\u015fmalar\u0131m\u0131z neticesinde bir\u00e7ok meslek kolundaki i\u015f yerleri peyder pey a\u00e7\u0131lmaya ba\u015flad\u0131. Ancak vir\u00fcs endi\u015fesiyle vatanda\u015flar\u0131m\u0131z halen ihtiya\u00e7lar\u0131n\u0131 erteledi\u011fi i\u00e7in esnaf\u0131m\u0131z m\u00fc\u015fteri bulam\u0131yor. Oysa gerekli t\u00fcm \u00f6nlemler al\u0131nd\u0131, hijyen kurallar\u0131na harfiyen uyuluyor. Bu konuda vatanda\u015flar\u0131m\u0131z\u0131n i\u00e7i rahat olsun\u201d&nbsp;<\/strong>dedi.<\/h4>\n\n\n\n<h4 class=\"wp-block-heading\"><strong>-\u201cESNAFIN YEN\u0130DEN AYA\u011eA KALKMASI GEREK\u201d<\/strong><\/h4>\n\n\n\n<h4 class=\"wp-block-heading\">D\u00fc\u011f\u00fcn salonlar\u0131 ba\u015fta olmak \u00fczere kapal\u0131 olan di\u011fer i\u015f yerleri i\u00e7in vakit kaybedilmeden a\u00e7\u0131lma takvimi belirlenmesi gerekti\u011fini s\u00f6yleyen Paland\u00f6ken,&nbsp;<strong>\u201cMart ay\u0131ndan bu yana s\u0131k\u0131nt\u0131 ya\u015fayan esnaf\u0131m\u0131z yeniden aya\u011fa kalk\u0131p canlanmal\u0131. \u0130\u015f yerleri kapal\u0131 olan esnaf\u0131m\u0131z\u0131n ge\u00e7mi\u015f d\u00f6nemdeki bor\u00e7lar\u0131n\u0131 \u00f6deyebilmesi i\u00e7in yeniden yap\u0131land\u0131rmaya gidilmeli. Ayr\u0131ca d\u00fc\u011f\u00fcn salonlar\u0131 gibi kapal\u0131 olan ve randevu sistemi ile \u00e7al\u0131\u015fan t\u00fcm i\u015f yerlerinin a\u00e7\u0131lma takvimi bir an \u00f6nce belirlenip payla\u015f\u0131lmal\u0131. Hem vatanda\u015flar\u0131m\u0131z hem de i\u015fletmeler a\u00e7\u0131klanacak takvime g\u00f6re bir yol haritas\u0131 belirlemeyi bekliyor. Normalle\u015fmeye ad\u0131m att\u0131\u011f\u0131m\u0131z bu g\u00fcnlerde, s\u0131k\u0131nt\u0131lar\u0131n h\u0131zla a\u015f\u0131larak t\u00fcm meslek kollar\u0131ndaki esnaf ve sanatk\u00e2rlar\u0131m\u0131z\u0131n yeniden bereketli g\u00fcnlerine kavu\u015faca\u011f\u0131n\u0131 umut ediyoruz. Normalle\u015fme s\u00fcrecinin tedbirli ve istikrarl\u0131 bir \u015fekilde s\u00fcrd\u00fcr\u00fclerek bu vir\u00fcs\u00fcn olumsuz etkilerinden tamamen kurtulaca\u011f\u0131m\u0131z g\u00fcnler i\u00e7in \u00e7al\u0131\u015fmalar\u0131m\u0131z s\u00fcrecek\u201d&nbsp;<\/strong>diye konu\u015ftu.<\/h4>\n","protected":false},"excerpt":{"rendered":"<p>ANKARA-&nbsp;\u00dclke genelinde 2 milyonu a\u015fk\u0131n esnaf ve sanatk\u00e2r\u0131n \u00e7at\u0131 kurulu\u015fu olan T\u00fcrkiye Esnaf ve Sanatk\u00e2rlar\u0131 Konfederasyonu (TESK) taraf\u0131ndan her ay d\u00fczenlenen ve pandemi nedeniyle tele-konferans \u00fczerinden yap\u0131lan Y\u00f6netim, Denetim ve Kurul Toplant\u0131lar\u0131 iki ay aradan sonra y\u00fcz y\u00fcze ger\u00e7ekle\u015ftirildi. TESK Genel Merkezi Toplant\u0131 salonunda Genel Ba\u015fkan Bendevi Paland\u00f6ken ba\u015fkanl\u0131\u011f\u0131nda ger\u00e7ekle\u015ftirilen toplant\u0131da, esnaf temsilcileri sahadaki esnaf\u0131n [&hellip;]<\/p>\n","protected":false},"author":3,"featured_media":1187,"comment_status":"open","ping_status":"open","sticky":false,"template":"","format":"standard","meta":{"footnotes":""},"categories":[10],"tags":[],"_links":{"self":[{"href":"http:\/\/teskesyem.org.tr\/index.php?rest_route=\/wp\/v2\/posts\/1186"}],"collection":[{"href":"http:\/\/teskesyem.org.tr\/index.php?rest_route=\/wp\/v2\/posts"}],"about":[{"href":"http:\/\/teskesyem.org.tr\/index.php?rest_route=\/wp\/v2\/types\/post"}],"author":[{"embeddable":true,"href":"http:\/\/teskesyem.org.tr\/index.php?rest_route=\/wp\/v2\/users\/3"}],"replies":[{"embeddable":true,"href":"http:\/\/teskesyem.org.tr\/index.php?rest_route=%2Fwp%2Fv2%2Fcomments&post=1186"}],"version-history":[{"count":4,"href":"http:\/\/teskesyem.org.tr\/index.php?rest_route=\/wp\/v2\/posts\/1186\/revisions"}],"predecessor-version":[{"id":1243,"href":"http:\/\/teskesyem.org.tr\/index.php?rest_route=\/wp\/v2\/posts\/1186\/revisions\/1243"}],"wp:featuredmedia":[{"embeddable":true,"href":"http:\/\/teskesyem.org.tr\/index.php?rest_route=\/wp\/v2\/media\/1187"}],"wp:attachment":[{"href":"http:\/\/teskesyem.org.tr\/index.php?rest_route=%2Fwp%2Fv2%2Fmedia&parent=1186"}],"wp:term":[{"taxonomy":"category","embeddable":true,"href":"http:\/\/teskesyem.org.tr\/index.php?rest_route=%2Fwp%2Fv2%2Fcategories&post=1186"},{"taxonomy":"post_tag","embeddable":true,"href":"http:\/\/teskesyem.org.tr\/index.php?rest_route=%2Fwp%2Fv2%2Ftags&post=1186"}],"curies":[{"name":"wp","href":"https:\/\/api.w.org\/{rel}","templated":true}]}}