{"id":984,"date":"2020-04-22T12:41:09","date_gmt":"2020-04-22T12:41:09","guid":{"rendered":"http:\/\/teskesyem.org.tr\/?p=984"},"modified":"2020-04-22T12:47:17","modified_gmt":"2020-04-22T12:47:17","slug":"palandoken-cocuklar-cumhuriyetimizin-teminatidir","status":"publish","type":"post","link":"http:\/\/teskesyem.org.tr\/?p=984","title":{"rendered":"PALAND\u00d6KEN, \u201c\u00c7OCUKLAR CUMHUR\u0130YET\u0130M\u0130Z\u0130N TEM\u0130NATIDIR\u201d"},"content":{"rendered":"\n<h2 class=\"wp-block-heading\">PALAND\u00d6KEN, \u201c\u00c7OCUKLAR CUMHUR\u0130YET\u0130M\u0130Z\u0130N TEM\u0130NATIDIR\u201d<\/h2>\n\n\n\n<hr class=\"wp-block-separator\"\/>\n\n\n\n<p><strong>ANKARA-&nbsp;<\/strong>T\u00fcrkiye B\u00fcy\u00fck Millet Meclisi\u2019nin 100. kurulu\u015f y\u0131l d\u00f6n\u00fcm\u00fc ile 23 Nisan Ulusal Egemenlik ve \u00c7ocuk Bayram\u0131 dolay\u0131s\u0131yla yaz\u0131l\u0131 bir mesaj yay\u0131nlayan T\u00fcrkiye Esnaf ve Sanatkarlar\u0131 Konfederasyonu (TESK) Genel Ba\u015fkan\u0131 Bendevi Paland\u00f6ken,&nbsp;<strong>\u201c23 Nisan 1920\u2019de kurulan T\u00fcrkiye B\u00fcy\u00fck Millet Meclisi, egemenli\u011fini ilan eden T\u00fcrk milletinin Cumhuriyet\u2019e giden \u00e7a\u011fda\u015f uygarl\u0131k yolculu\u011fundaki en \u00f6nemli kilometre ta\u015f\u0131d\u0131r. Meclisi\u2019nin ilk ba\u015fkan\u0131 ve Cumhuriyetimizin kurucusu olan Gazi Mustafa Kemal Atat\u00fcrk, istiklalimizin temini kadar istikbalimizin tesisinin de gerekti\u011fi d\u00fc\u015f\u00fcncesiyle 23 Nisan\u2019\u0131 Ulusal Egemenlik ve \u00c7ocuk Bayram\u0131 ilan ederek d\u00fcnyaya sevgi ve bar\u0131\u015f tohumlar\u0131 ekmek i\u00e7in t\u00fcm \u00e7ocuklara arma\u011fan etmi\u015ftir. Bu \u00f6zel g\u00fcnde esnaf ve sanatkarlar camias\u0131 ad\u0131na sevgili \u00e7ocuklar\u0131m\u0131z\u0131n bayram\u0131n\u0131 kutlarken Gazi Mustafa Kemal Atat\u00fcrk\u2019\u00fc ve t\u00fcm \u015fehit ve gazilerimizi rahmetle ve minnetle an\u0131yorum. Cumhuriyetimizin teminat\u0131 ve masumiyetin sembol\u00fc olan \u00e7ocuklar\u0131m\u0131za daha iyi bir gelecek sunabilmek i\u00e7in hep birlikte \u00e7al\u0131\u015fmal\u0131, vatana millete hay\u0131rl\u0131 evlatlar yeti\u015ftirmeliyiz\u201d&nbsp;<\/strong>dedi.<\/p>\n","protected":false},"excerpt":{"rendered":"<p>PALAND\u00d6KEN, \u201c\u00c7OCUKLAR CUMHUR\u0130YET\u0130M\u0130Z\u0130N TEM\u0130NATIDIR\u201d ANKARA-&nbsp;T\u00fcrkiye B\u00fcy\u00fck Millet Meclisi\u2019nin 100. kurulu\u015f y\u0131l d\u00f6n\u00fcm\u00fc ile 23 Nisan Ulusal Egemenlik ve \u00c7ocuk Bayram\u0131 dolay\u0131s\u0131yla yaz\u0131l\u0131 bir mesaj yay\u0131nlayan T\u00fcrkiye Esnaf ve Sanatkarlar\u0131 Konfederasyonu (TESK) Genel Ba\u015fkan\u0131 Bendevi Paland\u00f6ken,&nbsp;\u201c23 Nisan 1920\u2019de kurulan T\u00fcrkiye B\u00fcy\u00fck Millet Meclisi, egemenli\u011fini ilan eden T\u00fcrk milletinin Cumhuriyet\u2019e giden \u00e7a\u011fda\u015f uygarl\u0131k yolculu\u011fundaki en \u00f6nemli kilometre [&hellip;]<\/p>\n","protected":false},"author":3,"featured_media":987,"comment_status":"open","ping_status":"open","sticky":false,"template":"","format":"standard","meta":{"footnotes":""},"categories":[10],"tags":[],"_links":{"self":[{"href":"http:\/\/teskesyem.org.tr\/index.php?rest_route=\/wp\/v2\/posts\/984"}],"collection":[{"href":"http:\/\/teskesyem.org.tr\/index.php?rest_route=\/wp\/v2\/posts"}],"about":[{"href":"http:\/\/teskesyem.org.tr\/index.php?rest_route=\/wp\/v2\/types\/post"}],"author":[{"embeddable":true,"href":"http:\/\/teskesyem.org.tr\/index.php?rest_route=\/wp\/v2\/users\/3"}],"replies":[{"embeddable":true,"href":"http:\/\/teskesyem.org.tr\/index.php?rest_route=%2Fwp%2Fv2%2Fcomments&post=984"}],"version-history":[{"count":2,"href":"http:\/\/teskesyem.org.tr\/index.php?rest_route=\/wp\/v2\/posts\/984\/revisions"}],"predecessor-version":[{"id":989,"href":"http:\/\/teskesyem.org.tr\/index.php?rest_route=\/wp\/v2\/posts\/984\/revisions\/989"}],"wp:featuredmedia":[{"embeddable":true,"href":"http:\/\/teskesyem.org.tr\/index.php?rest_route=\/wp\/v2\/media\/987"}],"wp:attachment":[{"href":"http:\/\/teskesyem.org.tr\/index.php?rest_route=%2Fwp%2Fv2%2Fmedia&parent=984"}],"wp:term":[{"taxonomy":"category","embeddable":true,"href":"http:\/\/teskesyem.org.tr\/index.php?rest_route=%2Fwp%2Fv2%2Fcategories&post=984"},{"taxonomy":"post_tag","embeddable":true,"href":"http:\/\/teskesyem.org.tr\/index.php?rest_route=%2Fwp%2Fv2%2Ftags&post=984"}],"curies":[{"name":"wp","href":"https:\/\/api.w.org\/{rel}","templated":true}]}}