{"id":990,"date":"2020-04-29T12:39:05","date_gmt":"2020-04-29T12:39:05","guid":{"rendered":"http:\/\/teskesyem.org.tr\/?p=990"},"modified":"2020-05-01T13:27:32","modified_gmt":"2020-05-01T13:27:32","slug":"palandoken-oncelikle-acabilecek-isyerlerini-bildirdik","status":"publish","type":"post","link":"http:\/\/teskesyem.org.tr\/?p=990","title":{"rendered":"PALAND\u00d6KEN, \u201ckapal\u0131 olan berber, kuaf\u00f6r ve g\u00fczellik salonlar\u0131n\u0131n a\u00e7\u0131lmas\u0131 TESK taraf\u0131ndan yaz\u0131l\u0131 olarak talep edildi\u201d"},"content":{"rendered":"\n<p><strong>ANKARA-&nbsp;<\/strong>\u0130\u015f yerini \u00f6ncelikle a\u00e7abilecek esnaf ve sanatkarlara ait meslek ve i\u015fyerlerinin belirlenerek Cumhurba\u015fkanl\u0131\u011f\u0131na yaz\u0131l\u0131 olarak bildirildi\u011fini a\u00e7\u0131klayan T\u00fcrkiye Esnaf ve Sanatkarlar\u0131 Konfederasyonu (TESK) Genel Ba\u015fkan\u0131 Bendevi Paland\u00f6ken;<strong>\u201cGerekli tedbir ve \u00f6nlemleri alarak i\u015f yerini birinci fazda a\u00e7abilecek lokanta, restoran, berber, kuaf\u00f6r, k\u0131raathane, kasap gibi esnaf ve sanatkarlar\u0131m\u0131za ait meslekleri belirleyerek taleplerimizi ileterek esnaf ve sanatkarlar\u0131m\u0131z\u0131n i\u015fyerlerine a\u00e7\u0131lmas\u0131n\u0131 istedik\u201d&nbsp;<\/strong>dedi. <br>Buna g\u00f6re birinci fazda;  <br>&#8211; Zorunlu randevu sistemi, gerekirse m\u00fc\u015fterilerin tek tek al\u0131nmas\u0131, maske, eldiven, bone ve g\u00f6zl\u00fck takarak \u00e7al\u0131\u015fmak gibi \u00f6nlemlerin al\u0131nmas\u0131 kayd\u0131yla, 21 Mart 2020 tarihinden itibaren kapal\u0131 olan berber, kuaf\u00f6r ve g\u00fczellik salonlar\u0131n\u0131n a\u00e7\u0131lmas\u0131TESK taraf\u0131ndan yaz\u0131l\u0131 olarak talep edildi.<\/p>\n\n\n\n<p><\/p>\n","protected":false},"excerpt":{"rendered":"<p>ANKARA-&nbsp;\u0130\u015f yerini \u00f6ncelikle a\u00e7abilecek esnaf ve sanatkarlara ait meslek ve i\u015fyerlerinin belirlenerek Cumhurba\u015fkanl\u0131\u011f\u0131na yaz\u0131l\u0131 olarak bildirildi\u011fini a\u00e7\u0131klayan T\u00fcrkiye Esnaf ve Sanatkarlar\u0131 Konfederasyonu (TESK) Genel Ba\u015fkan\u0131 Bendevi Paland\u00f6ken;\u201cGerekli tedbir ve \u00f6nlemleri alarak i\u015f yerini birinci fazda a\u00e7abilecek lokanta, restoran, berber, kuaf\u00f6r, k\u0131raathane, kasap gibi esnaf ve sanatkarlar\u0131m\u0131za ait meslekleri belirleyerek taleplerimizi ileterek esnaf ve sanatkarlar\u0131m\u0131z\u0131n i\u015fyerlerine [&hellip;]<\/p>\n","protected":false},"author":3,"featured_media":991,"comment_status":"open","ping_status":"open","sticky":false,"template":"","format":"standard","meta":{"footnotes":""},"categories":[10],"tags":[],"_links":{"self":[{"href":"http:\/\/teskesyem.org.tr\/index.php?rest_route=\/wp\/v2\/posts\/990"}],"collection":[{"href":"http:\/\/teskesyem.org.tr\/index.php?rest_route=\/wp\/v2\/posts"}],"about":[{"href":"http:\/\/teskesyem.org.tr\/index.php?rest_route=\/wp\/v2\/types\/post"}],"author":[{"embeddable":true,"href":"http:\/\/teskesyem.org.tr\/index.php?rest_route=\/wp\/v2\/users\/3"}],"replies":[{"embeddable":true,"href":"http:\/\/teskesyem.org.tr\/index.php?rest_route=%2Fwp%2Fv2%2Fcomments&post=990"}],"version-history":[{"count":2,"href":"http:\/\/teskesyem.org.tr\/index.php?rest_route=\/wp\/v2\/posts\/990\/revisions"}],"predecessor-version":[{"id":1000,"href":"http:\/\/teskesyem.org.tr\/index.php?rest_route=\/wp\/v2\/posts\/990\/revisions\/1000"}],"wp:featuredmedia":[{"embeddable":true,"href":"http:\/\/teskesyem.org.tr\/index.php?rest_route=\/wp\/v2\/media\/991"}],"wp:attachment":[{"href":"http:\/\/teskesyem.org.tr\/index.php?rest_route=%2Fwp%2Fv2%2Fmedia&parent=990"}],"wp:term":[{"taxonomy":"category","embeddable":true,"href":"http:\/\/teskesyem.org.tr\/index.php?rest_route=%2Fwp%2Fv2%2Fcategories&post=990"},{"taxonomy":"post_tag","embeddable":true,"href":"http:\/\/teskesyem.org.tr\/index.php?rest_route=%2Fwp%2Fv2%2Ftags&post=990"}],"curies":[{"name":"wp","href":"https:\/\/api.w.org\/{rel}","templated":true}]}}