{"id":995,"date":"2020-05-01T12:57:40","date_gmt":"2020-05-01T12:57:40","guid":{"rendered":"http:\/\/teskesyem.org.tr\/?p=995"},"modified":"2020-05-01T12:57:45","modified_gmt":"2020-05-01T12:57:45","slug":"palandoken-1-mayis-emek-ve-dayanisma-gununu-kutluyorum","status":"publish","type":"post","link":"http:\/\/teskesyem.org.tr\/?p=995","title":{"rendered":"PALAND\u00d6KEN, \u201c1 MAYIS EMEK VE DAYANI\u015eMA G\u00dcN\u00dcN\u00dc KUTLUYORUM\u201d"},"content":{"rendered":"\n<p><strong>ANKARA-&nbsp;<\/strong>Emek ve Dayan\u0131\u015fma G\u00fcn\u00fc\u2019nde i\u015f\u00e7i ve i\u015fveren birlikteli\u011finin ekonomi i\u00e7in \u00f6nemini vurgulayan T\u00fcrkiye Esnaf ve Sanatk\u00e2rlar Konfederasyonu (TESK) Genel Ba\u015fkan\u0131 Bendevi Paland\u00f6ken,&nbsp;<strong>\u201cKutsal say\u0131lan emek, i\u015f\u00e7i ve i\u015fverenin birlikte el ele dayan\u0131\u015fma i\u00e7erisinde olmas\u0131 sayesinde hak etti\u011fini de\u011feri g\u00f6rebilir. Dolay\u0131s\u0131yla milli hedeflerimize ula\u015fmada giri\u015fimci, emek\u00e7i, i\u015f\u00e7i, i\u015fveren, esnaf, sanatk\u00e2r, zanaatk\u00e2r gibi ter d\u00f6ken, \u00e7aba sarf eden herkesin deste\u011fi ve birlik i\u00e7erisinde olmas\u0131 \u00e7ok \u00f6nemlidir. Al\u0131n teri d\u00f6ken emek\u00e7inin haklar\u0131n\u0131n korunmas\u0131 da ayn\u0131 zamanda demokrasimizin vazge\u00e7ilmezidir. Esnaf\u0131m\u0131z ise yan\u0131ndaki \u00e7\u0131ra\u011f\u0131n\u0131 ya da kalfas\u0131n\u0131 i\u015f\u00e7i olarak de\u011fil, usta olarak g\u00f6r\u00fcr, \u00f6yle yeti\u015ftirir ve onun emeklerine de\u011fer katar. Bu vesile ile sermayesi emek ve al\u0131n teri olan esnaf ve sanatk\u00e2r camias\u0131 ad\u0131na t\u00fcm i\u015f\u00e7i ve emek\u00e7ilerin 1 May\u0131s Emek ve Dayan\u0131\u015fma G\u00fcn\u00fc\u2019n\u00fc kutluyor, eme\u011fin m\u00fccadelesinin ve haklar\u0131n\u0131n korunmaya devam etti\u011fi g\u00fcnler diliyorum\u201d&nbsp;<\/strong>dedi.\n\n<\/p>\n","protected":false},"excerpt":{"rendered":"<p>ANKARA-&nbsp;Emek ve Dayan\u0131\u015fma G\u00fcn\u00fc\u2019nde i\u015f\u00e7i ve i\u015fveren birlikteli\u011finin ekonomi i\u00e7in \u00f6nemini vurgulayan T\u00fcrkiye Esnaf ve Sanatk\u00e2rlar Konfederasyonu (TESK) Genel Ba\u015fkan\u0131 Bendevi Paland\u00f6ken,&nbsp;\u201cKutsal say\u0131lan emek, i\u015f\u00e7i ve i\u015fverenin birlikte el ele dayan\u0131\u015fma i\u00e7erisinde olmas\u0131 sayesinde hak etti\u011fini de\u011feri g\u00f6rebilir. Dolay\u0131s\u0131yla milli hedeflerimize ula\u015fmada giri\u015fimci, emek\u00e7i, i\u015f\u00e7i, i\u015fveren, esnaf, sanatk\u00e2r, zanaatk\u00e2r gibi ter d\u00f6ken, \u00e7aba sarf eden [&hellip;]<\/p>\n","protected":false},"author":3,"featured_media":996,"comment_status":"open","ping_status":"open","sticky":false,"template":"","format":"standard","meta":{"footnotes":""},"categories":[10],"tags":[],"_links":{"self":[{"href":"http:\/\/teskesyem.org.tr\/index.php?rest_route=\/wp\/v2\/posts\/995"}],"collection":[{"href":"http:\/\/teskesyem.org.tr\/index.php?rest_route=\/wp\/v2\/posts"}],"about":[{"href":"http:\/\/teskesyem.org.tr\/index.php?rest_route=\/wp\/v2\/types\/post"}],"author":[{"embeddable":true,"href":"http:\/\/teskesyem.org.tr\/index.php?rest_route=\/wp\/v2\/users\/3"}],"replies":[{"embeddable":true,"href":"http:\/\/teskesyem.org.tr\/index.php?rest_route=%2Fwp%2Fv2%2Fcomments&post=995"}],"version-history":[{"count":1,"href":"http:\/\/teskesyem.org.tr\/index.php?rest_route=\/wp\/v2\/posts\/995\/revisions"}],"predecessor-version":[{"id":997,"href":"http:\/\/teskesyem.org.tr\/index.php?rest_route=\/wp\/v2\/posts\/995\/revisions\/997"}],"wp:featuredmedia":[{"embeddable":true,"href":"http:\/\/teskesyem.org.tr\/index.php?rest_route=\/wp\/v2\/media\/996"}],"wp:attachment":[{"href":"http:\/\/teskesyem.org.tr\/index.php?rest_route=%2Fwp%2Fv2%2Fmedia&parent=995"}],"wp:term":[{"taxonomy":"category","embeddable":true,"href":"http:\/\/teskesyem.org.tr\/index.php?rest_route=%2Fwp%2Fv2%2Fcategories&post=995"},{"taxonomy":"post_tag","embeddable":true,"href":"http:\/\/teskesyem.org.tr\/index.php?rest_route=%2Fwp%2Fv2%2Ftags&post=995"}],"curies":[{"name":"wp","href":"https:\/\/api.w.org\/{rel}","templated":true}]}}